{"id":423,"date":"2018-04-12T14:22:08","date_gmt":"2018-04-12T12:22:08","guid":{"rendered":"https:\/\/www.canyoutrust.me\/?p=423"},"modified":"2020-01-18T18:00:35","modified_gmt":"2020-01-18T17:00:35","slug":"parcours","status":"publish","type":"post","link":"https:\/\/www.canyoutrust.me\/index.php\/fr\/2018\/04\/12\/parcours\/","title":{"rendered":"Parcours"},"content":{"rendered":"<div class=\"message first\">\n<div class=\"body\">\n<div class=\"message-text\">\n<p>Quand j\u2019ai d\u00e9cid\u00e9 de me lancer en m\u00e9decine sur un coup de t\u00eate \u00e0 23 ans, un gars a dit \u00e0 une amie (deux ans plus jeune) qui reprenait les \u00e9tudes \u00e9galement qu\u2019elle avait \u00ab&nbsp;rat\u00e9 sa vie&nbsp;\u00bb.<br \/>\nQue vous partagiez ou non cette mentalit\u00e9, je pense que mon parcours peut vous faire r\u00e9fl\u00e9chir.<\/p>\n<p>En entrant au coll\u00e8ge, tr\u00e8s rapidement j\u2019ai eu des probl\u00e8mes avec les autres \u00e9l\u00e8ves. Apr\u00e8s quatre ans de gal\u00e8re j\u2019ai laiss\u00e9 tomber, je suis pass\u00e9 de l\u2019enseignement g\u00e9n\u00e9ral en \u00ab&nbsp;langues \u00e9trang\u00e8res et sciences fortes&nbsp;\u00bb \u00e0 un lyc\u00e9e technique en \u00ab&nbsp;infographie&nbsp;\u00bb. C\u2019\u00e9tait avant tout un hobby, jamais l\u2019id\u00e9e d\u2019en faire mon m\u00e9tier ne m\u2019avait fait envie. Une fois le lyc\u00e9e touchant \u00e0 sa fin, j\u2019ignorais totalement quoi faire mais je voulais aller \u00e0 l\u2019universit\u00e9. J\u2019avais mont\u00e9 dans le dos de mes parents un dossier pour partir en immersion en Asie apr\u00e8s ma terminale, ce qui me laissait un an de plus pour y penser. J\u2019ai eu mon dipl\u00f4me, rat\u00e9 ma qualification et me suis envol\u00e9 pour le Japon.<\/p>\n<p>Sur la fin de mon \u00e9change, j\u2019ai en partie perdu l\u2019usage d\u2019une de mes jambes pendant un peu plus d\u2019un mois. Dans ma famille on aime pas trop les m\u00e9decins, alors on a pas consult\u00e9. Et c\u2019est pass\u00e9.<\/p>\n<p>Apr\u00e8s mon retour, vu que j\u2019avais un penchant pour les langues, j\u2019ai opt\u00e9 pour la japanologie. Sauf qu\u2019en Belgique, ce cursus n\u2019existe qu\u2019en Flandre, j\u2019ai donc \u00e9tudi\u00e9 le flamand tout l\u2019\u00e9t\u00e9. Suite au conflit politique entre les deux r\u00e9gions, mon inscription \u00e0 l\u2019universit\u00e9 a \u00e9t\u00e9 refus\u00e9e. Pris de court, je me suis lanc\u00e9 dans des \u00e9tudes de \u00ab&nbsp;3D&nbsp;\u00bb que j\u2019ai abandonn\u00e9es quelques mois plus tard.<\/p>\n<p>Un peu par hasard, j\u2019ai trouv\u00e9 ma voie&nbsp;; travailler sur des tournages. Chaque film est un mini-contrat dans des lieux diff\u00e9rents, avec des gens diff\u00e9rents, on travaille de nuit et les jours f\u00e9ri\u00e9s. On oublie le monde r\u00e9el. Je me suis pr\u00e9sent\u00e9 au concours d\u2019entr\u00e9e d\u2019une \u00e9cole de cin\u00e9ma en \u00ab&nbsp;scripte\/montage&nbsp;\u00bb o\u00f9 seulement dix \u00e9l\u00e8ves sont pris par ann\u00e9e. Je suis arriv\u00e9 dixi\u00e8me mais cette ann\u00e9e l\u00e0, seulement neuf \u00e9tudiants ont \u00e9t\u00e9 retenus.<\/p>\n<\/div>\n<\/div>\n<\/div>\n<div class=\"body\">\n<div class=\"message-text\">\n<div class=\"markup\">\n<p>Apr\u00e8s un an de b\u00e9n\u00e9volat dans le milieu, j\u2019ai re-pr\u00e9sent\u00e9 les \u00e9preuves, tous les profs \u00e9taient contents de me revoir, sauf une et j\u2019ai \u00e0 nouveau \u00e9t\u00e9 recal\u00e9. Pas grave, j\u2019avais m\u00eame plus envie de faire d\u2019\u00e9tudes, j\u2019allais me former sur le tas.<\/p>\n<p>Entre temps, mon \u00e9tat de sant\u00e9 s\u2019est d\u00e9grad\u00e9 mais bien plus fort que la premi\u00e8re fois, r\u00e9sum\u00e9 en&nbsp;;<br \/>\nG\u00e9n\u00e9raliste \u2192 IRMs \u2192 Neurologue \u2192 Hospitalisation, ponction lombaire, potentiels \u00e9voqu\u00e9s, scan<br \/>\n\u2192 Verdict&nbsp;: scl\u00e9rose en plaques (d\u00e9clar\u00e9e \u00e0 l\u2019\u00e2ge de 19 ans).<br \/>\nL\u2019acceptation a \u00e9t\u00e9 simple, ma s\u0153ur \u00e9tant handicap\u00e9e de naissance, pourquoi pas moi&nbsp;?<\/p>\n<p>Mon premier traitement de fond (visant \u00e0 retarder la progression du handicap) consistait en des injections quotidiennes. Donc quand j\u2019\u00e9tais en tournage pour un film, je mettais mes dizaines de seringues au frigo et chaque matin, je me piquais devant les personnes partageant ma chambre.<\/p>\n<p>En 2-3 ans, j\u2019avais perc\u00e9, j\u2019avais mes contacts dans le milieu, un taff de r\u00eave. Je suis retourn\u00e9 au Japon pendant plusieurs mois pour y faire un film. J\u2019ai ensuite refus\u00e9 un tournage avec Dujardin pour me concentrer sur l\u2019obtention de mon permis de conduire.<\/p>\n<p>Avec le recul, j\u2019ai r\u00e9alis\u00e9 que mon corps ne tenait pas le rythme. L\u2019\u00e9quipe technique subit un stress \u00e9norme. On dort tr\u00e8s peu, on a pas de jour de repos, le travail se finit dans la bi\u00e8re, on a pas le temps de manger, alors on boit du caf\u00e9, on fume et on finit alcolo (GROS clich\u00e9, pardon).<br \/>\nIl fallait que j\u2019arr\u00eate et \u00e9tant satisfait du dernier film tourn\u00e9, j\u2019ai tout plaqu\u00e9 pour me r\u00e9orienter.<\/p>\n<p>Ma maladie \u00e9tait devenue de plus en plus pr\u00e9sente puisque comme pr\u00e9vu, mon \u00e9tat se d\u00e9gradait. Plus le temps passait moins j\u2019aimais les h\u00f4pitaux. J\u2019ai donc d\u00e9cid\u00e9 d\u2019en faire mon lieu de travail pour banaliser cet environnement et nourrir la curiosit\u00e9 que j\u2019avais d\u00e9velopp\u00e9 pour la m\u00e9decine.<\/p>\n<\/div>\n<\/div>\n<\/div>\n<div class=\"message\">\n<div class=\"body\">\n<div class=\"message-text\">\n<div class=\"markup\">\n<p>J\u2019ai commenc\u00e9 mes \u00e9tudes sup\u00e9rieures avec des lacunes \u00e9normes en sciences et des troubles cognitifs prononc\u00e9s (troubles de l\u2019attention, de la m\u00e9morisation, \u2026) li\u00e9s \u00e0 ma pathologie.<br \/>\nLors de ma premi\u00e8re ann\u00e9e, on m\u2019a appel\u00e9 pour d\u2019autres tournages (Japon, &#8230;) auxquels j\u2019ai d\u00fb renoncer. J\u2019ai finalement doubl\u00e9 et valid\u00e9 mon concours. Sans avoir jamais cru en moi.<\/p>\n<p>Mes \u00e9tudes m\u2019ont aid\u00e9 \u00e0 r\u00e9sorber en partie mes troubles cognitifs. Mais beaucoup d\u2019autres de mes capacit\u00e9s diminuent (sensibilit\u00e9, coordination, motricit\u00e9, proprioception &#8230;). Petit \u00e0 petit, je n\u2019ai plus \u00e9t\u00e9 physiquement capable d\u2019aller en cours, je fais partie de ces \u00e9tudiants que vous croiserez trois fois par an \u00e0 la fac, pr\u00e9sent uniquement en TD obligatoires et aux examens. L\u2019h\u00f4pital est devenu ma deuxi\u00e8me maison, je m\u2019y sens \u00e0 ma place. Les stages me permettent de changer de r\u00f4le et d\u2019\u00eatre celui qui prend soin, qui \u00e9coute, qui soulage. C\u2019est l\u00e0 que je suis confiant, car en tant que malade chronique, je peux comprendre les obstacles et les adaptations n\u00e9cessaires aux patients qui me ressemblent.<\/p>\n<p>En entrant en m\u00e9decine, j\u2019ai crois\u00e9 d\u2019autres personnes plus \u00e2g\u00e9es que la moyenne, qui avaient \u00e9t\u00e9 pompier, pharmacien ou commer\u00e7ant durant de nombreuses ann\u00e9es avant d\u2019entamer ce cursus. Il n\u2019y a pas d\u2019\u00e2ge pour se r\u00e9orienter et il y a des tas de raisons de le faire. M\u00eame si vous pensez ne d\u00e9sirer qu\u2019une seule chose, il n\u2019y a pas qu\u2019une voie pour y parvenir et vous pouvez \u00e0 tout moment de votre vie vous d\u00e9couvrir d\u2019autres vocations.<\/p>\n<p>\u00c0 mes yeux, aucun de nous n\u2019a rat\u00e9 sa vie. Nous l\u2019affrontons et parfois, celle-ci nous dit qu\u2019il est temps de changer de direction. Ne voyez pas cela comme une fin, c\u2019est le d\u00e9but de quelque chose de nouveau. N\u2019ayez pas peur de l\u2019inconnu ou de l\u2019\u00e9chec, ils sont formateurs eux aussi.<\/p>\n<p>Gardez espoir, battez-vous et prenez soin de vous.<\/p>\n<\/div>\n<\/div>\n<\/div>\n<\/div>\n","protected":false},"excerpt":{"rendered":"<p>Quand j\u2019ai d\u00e9cid\u00e9 de me lancer en m\u00e9decine sur un coup de t\u00eate \u00e0 23 ans, un gars a dit \u00e0 une amie (deux ans plus jeune) qui reprenait les \u00e9tudes \u00e9galement qu\u2019elle avait \u00ab&nbsp;rat\u00e9 sa vie&nbsp;\u00bb. Que vous partagiez ou non cette mentalit\u00e9, je pense que mon parcours peut vous faire r\u00e9fl\u00e9chir. En entrant [&hellip;]<\/p>\n","protected":false},"author":2,"featured_media":0,"comment_status":"open","ping_status":"open","sticky":false,"template":"","format":"standard","meta":[],"categories":[68],"tags":[],"_links":{"self":[{"href":"https:\/\/www.canyoutrust.me\/index.php\/wp-json\/wp\/v2\/posts\/423"}],"collection":[{"href":"https:\/\/www.canyoutrust.me\/index.php\/wp-json\/wp\/v2\/posts"}],"about":[{"href":"https:\/\/www.canyoutrust.me\/index.php\/wp-json\/wp\/v2\/types\/post"}],"author":[{"embeddable":true,"href":"https:\/\/www.canyoutrust.me\/index.php\/wp-json\/wp\/v2\/users\/2"}],"replies":[{"embeddable":true,"href":"https:\/\/www.canyoutrust.me\/index.php\/wp-json\/wp\/v2\/comments?post=423"}],"version-history":[{"count":8,"href":"https:\/\/www.canyoutrust.me\/index.php\/wp-json\/wp\/v2\/posts\/423\/revisions"}],"predecessor-version":[{"id":509,"href":"https:\/\/www.canyoutrust.me\/index.php\/wp-json\/wp\/v2\/posts\/423\/revisions\/509"}],"wp:attachment":[{"href":"https:\/\/www.canyoutrust.me\/index.php\/wp-json\/wp\/v2\/media?parent=423"}],"wp:term":[{"taxonomy":"category","embeddable":true,"href":"https:\/\/www.canyoutrust.me\/index.php\/wp-json\/wp\/v2\/categories?post=423"},{"taxonomy":"post_tag","embeddable":true,"href":"https:\/\/www.canyoutrust.me\/index.php\/wp-json\/wp\/v2\/tags?post=423"}],"curies":[{"name":"wp","href":"https:\/\/api.w.org\/{rel}","templated":true}]}}